{"id":1151,"date":"2023-11-28T11:36:48","date_gmt":"2023-11-28T11:36:48","guid":{"rendered":"https:\/\/gestion.reseauxlibres.be\/wordpress\/?p=1151"},"modified":"2023-11-28T11:36:49","modified_gmt":"2023-11-28T11:36:49","slug":"les-suivis-a-mi-formation-pour-faire-le-point-et-senrichir","status":"publish","type":"post","link":"https:\/\/gestion.reseauxlibres.be\/wordpress\/les-suivis-a-mi-formation-pour-faire-le-point-et-senrichir\/","title":{"rendered":"Les suivis \u00e0 mi-formation pour faire le point et s&#8217;enrichir"},"content":{"rendered":"\n<p>Depuis le 10 novembre, les rencontres de suivi ont commenc\u00e9 et se termineront le 6 d\u00e9cembre. Cela concerne cette ann\u00e9e 54 enseignants provenant de 21 \u00e9coles de la zone 10 d&#8217;enseignement (Charleroi-Hainaut-Sud) et 32 enseignants de 14 \u00e9coles de la m\u00eame zone 10, avec un professeur invit\u00e9 qui travaille au Coll\u00e8ge Matt\u00e9o Ricci de Bruxelles (qui a accueilli en 22-23 une s\u00e9rie d&#8217;enseignants de la zone pour partager leur culture de l&#8217;\u00e9valuation scolaire).<\/p>\n<p>Si j&#8217;utilise les <a href=\"https:\/\/gestion.reseauxlibres.be\/wordpress\/se-questionner-pour-apprendre\/\" target=\"_blank\" rel=\"noopener\">5 questions<\/a> de la compr\u00e9hension de Guy Sonnois pour d\u00e9crire ces rencontres afin que vous, lecteur\u00b7trice, puissiez comprendre de quoi il s&#8217;agit, cela pourrait donner cette pr\u00e9sentation interactive r\u00e9alis\u00e9e avec l&#8217;application <a href=\"http:\/\/www.genially.com\" target=\"_blank\" rel=\"noopener\">Genial.ly<\/a> (<em>pour visionner les parties interactives de l&#8217;image, vous pouvez cliquer sur l&#8217;icone repr\u00e9sentant une main en haut \u00e0 droite; chaque petite main qui s&#8217;affichera alors sur l&#8217;image est \u00e0 cliquer pour ouvrir une fen\u00eatre qui contient des explications<\/em>):&nbsp;<\/p>\n<div style=\"width: 100%;\">\n<div style=\"position: relative; padding-bottom: 56.25%; padding-top: 0; height: 0;\"><iframe loading=\"lazy\" style=\"position: absolute; top: 0; left: 0; width: 100%; height: 100%;\" title=\"Les 5 questions pour comprendre les suivis\" src=\"https:\/\/view.genial.ly\/6564ae5c168d2e00145a9e63\" width=\"1200\" height=\"675\" frameborder=\"0\" scrolling=\"yes\" allowfullscreen=\"allowfullscreen\" data-mce-fragment=\"1\"><\/iframe><\/div>\n<\/div>\n\n\n\n<p>Vous pouvez \u00e9galement consulter la page de ce blog qui d\u00e9crit le projet (notamment pour en d\u00e9couvrir tous les acteurs), accessible <a href=\"https:\/\/gestion.reseauxlibres.be\/wordpress\/presentation-du-projet\/\" target=\"_blank\" rel=\"noopener\">ici<\/a>.<\/p>\n<p>Et il y a d\u00e9j\u00e0 eu des articles pour vous parler de ces suivis d&#8217;accompagnement: <a href=\"https:\/\/gestion.reseauxlibres.be\/wordpress\/pour-la-9e-annee-consecutive-les-suivis-ont-commence-a-mi-parcours-de-formation\/\" target=\"_blank\" rel=\"noopener\">ici<\/a> et <a href=\"https:\/\/gestion.reseauxlibres.be\/wordpress\/nuage-de-mots-qualifiant-les-suivis-en-niveau-1\/\" target=\"_blank\" rel=\"noopener\">l\u00e0<\/a> pour novembre 2022, <a href=\"https:\/\/gestion.reseauxlibres.be\/wordpress\/les-suivis-sur-le-terrain-commencent\/\" target=\"_blank\" rel=\"noopener\">ici<\/a> et <a href=\"https:\/\/gestion.reseauxlibres.be\/wordpress\/les-suivis-en-periode-covid\/\" target=\"_blank\" rel=\"noopener\">l\u00e0<\/a> pour les suivis en p\u00e9riode de covid, encore <a href=\"https:\/\/gestion.reseauxlibres.be\/wordpress\/les-formations-sont-terminees-les-suivis-sur-le-terrain-se-poursuivent\/\" target=\"_blank\" rel=\"noopener\">ici<\/a> et <a href=\"https:\/\/gestion.reseauxlibres.be\/wordpress\/votre-vision-des-suivis\/\" target=\"_blank\" rel=\"noopener\">l\u00e0<\/a> pour 2019. Si vous souhaitez remonter plus loin dans l&#8217;historique, vous pouvez utiliser la fonction &#8220;recherche&#8221;, et y introduire un mot-cl\u00e9 (&#8220;suivis&#8221;, en l&#8217;occurrence).<\/p>\n","protected":false},"excerpt":{"rendered":"<p>Depuis le 10 novembre, les rencontres de suivi ont commenc\u00e9 et se termineront le 6 d\u00e9cembre. Cela concerne cette ann\u00e9e 54 enseignants provenant de 21 \u00e9coles de la zone 10 d&#8217;enseignement (Charleroi-Hainaut-Sud) et 32 enseignants de 14 \u00e9coles de la m\u00eame zone 10, avec un professeur invit\u00e9 qui travaille au Coll\u00e8ge Matt\u00e9o Ricci de Bruxelles (qui a accueilli en 22-23<\/p>\n","protected":false},"author":3,"featured_media":0,"comment_status":"open","ping_status":"closed","sticky":false,"template":"","format":"standard","meta":{"_bbp_topic_count":0,"_bbp_reply_count":0,"_bbp_total_topic_count":0,"_bbp_total_reply_count":0,"_bbp_voice_count":0,"_bbp_anonymous_reply_count":0,"_bbp_topic_count_hidden":0,"_bbp_reply_count_hidden":0,"_bbp_forum_subforum_count":0,"ngg_post_thumbnail":0,"footnotes":""},"categories":[77,40,3,81,32,65],"tags":[],"class_list":["post-1151","post","type-post","status-publish","format-standard","hentry","category-feedback-immediat","category-le-transfert","category-les-ressources-en-gestion-mentale","category-pedagogie-de-lentraide","category-projet-gm-charleroi","category-suivi-de-formation"],"post_mailing_queue_ids":[],"_links":{"self":[{"href":"https:\/\/gestion.reseauxlibres.be\/wordpress\/wp-json\/wp\/v2\/posts\/1151"}],"collection":[{"href":"https:\/\/gestion.reseauxlibres.be\/wordpress\/wp-json\/wp\/v2\/posts"}],"about":[{"href":"https:\/\/gestion.reseauxlibres.be\/wordpress\/wp-json\/wp\/v2\/types\/post"}],"author":[{"embeddable":true,"href":"https:\/\/gestion.reseauxlibres.be\/wordpress\/wp-json\/wp\/v2\/users\/3"}],"replies":[{"embeddable":true,"href":"https:\/\/gestion.reseauxlibres.be\/wordpress\/wp-json\/wp\/v2\/comments?post=1151"}],"version-history":[{"count":8,"href":"https:\/\/gestion.reseauxlibres.be\/wordpress\/wp-json\/wp\/v2\/posts\/1151\/revisions"}],"predecessor-version":[{"id":1159,"href":"https:\/\/gestion.reseauxlibres.be\/wordpress\/wp-json\/wp\/v2\/posts\/1151\/revisions\/1159"}],"wp:attachment":[{"href":"https:\/\/gestion.reseauxlibres.be\/wordpress\/wp-json\/wp\/v2\/media?parent=1151"}],"wp:term":[{"taxonomy":"category","embeddable":true,"href":"https:\/\/gestion.reseauxlibres.be\/wordpress\/wp-json\/wp\/v2\/categories?post=1151"},{"taxonomy":"post_tag","embeddable":true,"href":"https:\/\/gestion.reseauxlibres.be\/wordpress\/wp-json\/wp\/v2\/tags?post=1151"}],"curies":[{"name":"wp","href":"https:\/\/api.w.org\/{rel}","templated":true}]}}